{"id":4362,"date":"2026-09-02T10:47:58","date_gmt":"2026-09-02T08:47:58","guid":{"rendered":"https:\/\/www.sif4ever.dk\/nyheder\/?p=4362"},"modified":"2026-09-02T11:17:45","modified_gmt":"2026-09-02T09:17:45","slug":"medie-younes-bakiz-paa-vej-vaek-fra-sif","status":"publish","type":"post","link":"https:\/\/www.sif4ever.dk\/nyheder\/medie-younes-bakiz-paa-vej-vaek-fra-sif\/","title":{"rendered":"Medie: Younes Bakiz p\u00e5 vej v\u00e6k fra SIF"},"content":{"rendered":"\n<p class=\"wp-block-paragraph\"><strong>Der kan fortsat ske ting i Silkeborg IF, inden det danske transfervindue lukker onsdag aften. If\u00f8lge Midtjyllands Avis er Younes Bakiz p\u00e5 vej v\u00e6k fra klubben.<\/strong><\/p>\n\n\n\n<p class=\"wp-block-paragraph\">27-\u00e5rige Younes Bakiz er p\u00e5 vej v\u00e6k fra Silkeborg IF. Bakiz har udtrykt \u00f8nske om at forlade klubben efter et \u00e5r med mange skader. Bakiz var ikke tilstede ved dagens tr\u00e6ning.<\/p>\n\n\n\n<p class=\"wp-block-paragraph\"><a href=\"https:\/\/sportsilkeborg.dk\/artikel\/8e80a48d-0720-4a95-a7f5-5a98a85a90b6\" data-type=\"link\" data-id=\"https:\/\/sportsilkeborg.dk\/artikel\/8e80a48d-0720-4a95-a7f5-5a98a85a90b6\">Midtjyllands Avis<\/a> erfarer onsdag, at offensivspilleren er p\u00e5 vej v\u00e6k fra SIF. <\/p>\n\n\n\n<p class=\"wp-block-paragraph\">Administrerende direkt\u00f8r i Silkeborg IF, Kent Madsen, fort\u00e6ller til Tipsbladet, at der godt kan ske noget.<br><br>&#8220;Vi har to-tre spillere, der gerne vil noget andet, men hvor der i hvert fald ikke i g\u00e5r var noget konkret. Om der kommer det, det ved jeg ikke. Jeg ved ogs\u00e5, at St\u00fcker har krogen ude efter nogle ting, om det sker, kan jeg ikke sige,&#8221; siger Kent Madsen til <a href=\"https:\/\/www.tipsbladet.dk\/nyhed\/superliga\/superliga-boss-teaser-for-transfer-2\" data-type=\"link\" data-id=\"https:\/\/www.tipsbladet.dk\/nyhed\/superliga\/superliga-boss-teaser-for-transfer-2\">Tipsbladet<\/a>.<\/p>\n\n\n\n<p class=\"wp-block-paragraph\">Silkeborg IF hentede i g\u00e5r\u00a0Kristian Kirkegaard, som en erstatning for Calum McCowatt.<\/p>\n\n\n\n<p class=\"wp-block-paragraph\"><em>&#8230; Opdateres&#8230;<\/em><\/p>\n","protected":false},"excerpt":{"rendered":"<p>Der kan fortsat ske ting i Silkeborg IF, inden det danske transfervindue lukker onsdag aften. If\u00f8lge Midtjyllands Avis er Younes Bakiz p\u00e5 vej v\u00e6k fra klubben. 27-\u00e5rige Younes Bakiz er p\u00e5 vej v\u00e6k fra Silkeborg IF. Bakiz har udtrykt \u00f8nske om at forlade klubben efter et \u00e5r med mange skader. Bakiz var ikke tilstede ved [&hellip;]<\/p>","protected":false},"author":1,"featured_media":80,"comment_status":"open","ping_status":"open","sticky":false,"template":"","format":"standard","meta":{"_eb_attr":"","inline_featured_image":false,"footnotes":""},"categories":[30],"tags":[],"class_list":["post-4362","post","type-post","status-publish","format-standard","has-post-thumbnail","hentry","category-transfers"],"_links":{"self":[{"href":"https:\/\/www.sif4ever.dk\/nyheder\/wp-json\/wp\/v2\/posts\/4362","targetHints":{"allow":["GET"]}}],"collection":[{"href":"https:\/\/www.sif4ever.dk\/nyheder\/wp-json\/wp\/v2\/posts"}],"about":[{"href":"https:\/\/www.sif4ever.dk\/nyheder\/wp-json\/wp\/v2\/types\/post"}],"author":[{"embeddable":true,"href":"https:\/\/www.sif4ever.dk\/nyheder\/wp-json\/wp\/v2\/users\/1"}],"replies":[{"embeddable":true,"href":"https:\/\/www.sif4ever.dk\/nyheder\/wp-json\/wp\/v2\/comments?post=4362"}],"version-history":[{"count":1,"href":"https:\/\/www.sif4ever.dk\/nyheder\/wp-json\/wp\/v2\/posts\/4362\/revisions"}],"predecessor-version":[{"id":4363,"href":"https:\/\/www.sif4ever.dk\/nyheder\/wp-json\/wp\/v2\/posts\/4362\/revisions\/4363"}],"wp:featuredmedia":[{"embeddable":true,"href":"https:\/\/www.sif4ever.dk\/nyheder\/wp-json\/wp\/v2\/media\/80"}],"wp:attachment":[{"href":"https:\/\/www.sif4ever.dk\/nyheder\/wp-json\/wp\/v2\/media?parent=4362"}],"wp:term":[{"taxonomy":"category","embeddable":true,"href":"https:\/\/www.sif4ever.dk\/nyheder\/wp-json\/wp\/v2\/categories?post=4362"},{"taxonomy":"post_tag","embeddable":true,"href":"https:\/\/www.sif4ever.dk\/nyheder\/wp-json\/wp\/v2\/tags?post=4362"}],"curies":[{"name":"wp","href":"https:\/\/api.w.org\/{rel}","templated":true}]}}