{"id":4347,"date":"2026-08-31T12:09:30","date_gmt":"2026-08-31T10:09:30","guid":{"rendered":"https:\/\/www.sif4ever.dk\/nyheder\/?p=4347"},"modified":"2026-08-31T12:09:31","modified_gmt":"2026-08-31T10:09:31","slug":"sif-saelger-alexander-simmelhack","status":"publish","type":"post","link":"https:\/\/www.sif4ever.dk\/nyheder\/sif-saelger-alexander-simmelhack\/","title":{"rendered":"SIF s\u00e6lger Alexander Simmelhack"},"content":{"rendered":"\n<p class=\"wp-block-paragraph\"><strong>Silkeborg IF siger farvel til Alexander Simmelhack, der med \u00f8jeblikkelig virkning skifter til svenske IFK G\u00f6teborg.<\/strong><\/p>\n\n\n\n<p class=\"wp-block-paragraph\">Den 20-\u00e5rige angriber kom til SIF fra FC K\u00f8benhavn i sommeren 2024 og har dermed tilbragt de seneste to \u00e5r i S\u00f8h\u00f8jlandet. Simmelhack blev hentet til klubben med potentialet til at udvikle sig til en fast del af f\u00f8rsteholdet, men konkurrencen om pladserne i offensiven har betydet, at spilletiden har v\u00e6ret begr\u00e6nset.<\/p>\n\n\n\n<p class=\"wp-block-paragraph\">S\u00e6rligt efter tr\u00e6nerskiftet er det ikke blevet til meget spilletid, og Simmelhack var derfor tydeligvis ikke en del af Morten Dahm Kj\u00e6rgaards fremtidsplaner. <\/p>\n\n\n\n<p class=\"wp-block-paragraph\">Nu skilles vejene, efter Simmelhack har \u00f8nsket sig mere kontinuerlig spilletid. Det fort\u00e6ller SIF&#8217;s sportschef, Jesper St\u00fcker.<\/p>\n\n\n\n<p class=\"wp-block-paragraph\">\u00bbSimmelhack har haft et \u00f8nske om at finde en ny mulighed, da han har et \u00f8nske om mere spilletid. Vi har f\u00e5et et tilbud fra IFK G\u00f6teborg, som opfylder vores og Simmelhacks forventninger,\u00ab siger Jesper St\u00fcker.<\/p>\n\n\n\n<p class=\"wp-block-paragraph\">Simmelhack n\u00e5ede i alt 53 kampe og syv m\u00e5l for SIF. Undervejs har han b\u00e5de f\u00e5et chancer fra start og optr\u00e5dt som indskifter, men han har ikke form\u00e5et at spille sig til en fast plads i startopstillingen.<\/p>\n\n\n\n<p class=\"wp-block-paragraph\">Simmelhack kom til Silkeborg efter en ungdomstid i blandt andet FC K\u00f8benhavn og AC Milan og har dermed taget sine f\u00f8rste st\u00f8rre skridt i seniorfodbolden i SIF. Nu venter et nyt kapitel i karrieren, hvor han skal fors\u00f8ge at etablere sig i IFK G\u00f6teborg.<\/p>\n\n\n\n<p class=\"wp-block-paragraph\">For Simmelhack bliver det samtidig et farvel til en klub, hvor han har tilbragt to \u00e5r og f\u00e5et erfaring fra b\u00e5de Superligaen og europ\u00e6isk fodbold.<\/p>\n\n\n\n<p class=\"wp-block-paragraph\">\u00bbJeg har haft en god tid i SIF, og jeg vil gerne sige tak til de mange gode mennesker i klubben b\u00e5de spillertrup, stab og de \u00f8vrige ansatte samt til klubbens fans for opbakningen hele vejen igennem,\u00ab siger Alexander Simmelhack.<\/p>\n","protected":false},"excerpt":{"rendered":"<p>Silkeborg IF siger farvel til Alexander Simmelhack, der med \u00f8jeblikkelig virkning skifter til svenske IFK G\u00f6teborg. Den 20-\u00e5rige angriber kom til SIF fra FC K\u00f8benhavn i sommeren 2024 og har dermed tilbragt de seneste to \u00e5r i S\u00f8h\u00f8jlandet. Simmelhack blev hentet til klubben med potentialet til at udvikle sig til en fast del af f\u00f8rsteholdet, [&hellip;]<\/p>","protected":false},"author":3,"featured_media":1061,"comment_status":"open","ping_status":"open","sticky":false,"template":"","format":"standard","meta":{"_eb_attr":"","inline_featured_image":false,"footnotes":""},"categories":[17,5,11,30],"tags":[],"class_list":["post-4347","post","type-post","status-publish","format-standard","has-post-thumbnail","hentry","category-klubben","category-nyheder","category-spillere","category-transfers"],"_links":{"self":[{"href":"https:\/\/www.sif4ever.dk\/nyheder\/wp-json\/wp\/v2\/posts\/4347","targetHints":{"allow":["GET"]}}],"collection":[{"href":"https:\/\/www.sif4ever.dk\/nyheder\/wp-json\/wp\/v2\/posts"}],"about":[{"href":"https:\/\/www.sif4ever.dk\/nyheder\/wp-json\/wp\/v2\/types\/post"}],"author":[{"embeddable":true,"href":"https:\/\/www.sif4ever.dk\/nyheder\/wp-json\/wp\/v2\/users\/3"}],"replies":[{"embeddable":true,"href":"https:\/\/www.sif4ever.dk\/nyheder\/wp-json\/wp\/v2\/comments?post=4347"}],"version-history":[{"count":2,"href":"https:\/\/www.sif4ever.dk\/nyheder\/wp-json\/wp\/v2\/posts\/4347\/revisions"}],"predecessor-version":[{"id":4349,"href":"https:\/\/www.sif4ever.dk\/nyheder\/wp-json\/wp\/v2\/posts\/4347\/revisions\/4349"}],"wp:featuredmedia":[{"embeddable":true,"href":"https:\/\/www.sif4ever.dk\/nyheder\/wp-json\/wp\/v2\/media\/1061"}],"wp:attachment":[{"href":"https:\/\/www.sif4ever.dk\/nyheder\/wp-json\/wp\/v2\/media?parent=4347"}],"wp:term":[{"taxonomy":"category","embeddable":true,"href":"https:\/\/www.sif4ever.dk\/nyheder\/wp-json\/wp\/v2\/categories?post=4347"},{"taxonomy":"post_tag","embeddable":true,"href":"https:\/\/www.sif4ever.dk\/nyheder\/wp-json\/wp\/v2\/tags?post=4347"}],"curies":[{"name":"wp","href":"https:\/\/api.w.org\/{rel}","templated":true}]}}