{"id":4332,"date":"2026-08-30T16:48:25","date_gmt":"2026-08-30T14:48:25","guid":{"rendered":"https:\/\/www.sif4ever.dk\/nyheder\/?p=4332"},"modified":"2026-08-30T16:48:27","modified_gmt":"2026-08-30T14:48:27","slug":"stuker-om-mccowatts-fremtid-50-50-om-han-forlader-sif","status":"publish","type":"post","link":"https:\/\/www.sif4ever.dk\/nyheder\/stuker-om-mccowatts-fremtid-50-50-om-han-forlader-sif\/","title":{"rendered":"St\u00fcker om McCowatts fremtid: 50-50 om han forlader SIF"},"content":{"rendered":"\n<p class=\"wp-block-paragraph\"><strong>Callum McCowatt sad endnu en gang over, da Silkeborg IF s\u00f8ndag m\u00f8dte FC Midtjylland. Efter kampen gav sportschef Jesper St\u00fcker en status p\u00e5 newzeal\u00e6nderens fremtid.<\/strong><\/p>\n\n\n\n<p class=\"wp-block-paragraph\">Callum McCowatt var ikke en del af Silkeborg IF&#8217;s trup mod FC Midtjylland. Han var dog p\u00e5 JYSK Park, hvor han blandt andet s\u00e5 kampen sammen med sportschef Jesper St\u00fcker.<\/p>\n\n\n\n<p class=\"wp-block-paragraph\">Efter opg\u00f8ret bekr\u00e6ftede St\u00fcker over for Viasat, at der fortsat er interesse for McCowatt, men at et salg ikke er lige op over.<\/p>\n\n\n\n<p class=\"wp-block-paragraph\">&#8220;Jeg tror, det er 50-50. Lige nu vil jeg vurdere, at der er lang vej, men jeg har ogs\u00e5 f\u00f8r st\u00e5et med lignende ting, hvor det alligevel bliver til noget,&#8221; l\u00f8d vurderingen fra SIF&#8217;s sportschef.<\/p>\n\n\n\n<p class=\"wp-block-paragraph\"><\/p>\n\n\n\n<h2 class=\"wp-block-heading\">Cheftr\u00e6nerens beslutning<\/h2>\n\n\n\n<p class=\"wp-block-paragraph\">McCowatt var heller ikke med i pokalkampen mod Vejle torsdag. If\u00f8lge St\u00fcker skyldes s\u00f8ndagens frav\u00e6r, at cheftr\u00e6ner Morten Dahm Kj\u00e6rgaard efter dialog med spilleren vurderede, at han ikke var klar til at spille.<\/p>\n\n\n\n<p class=\"wp-block-paragraph\">&#8220;Det har v\u00e6ret sv\u00e6rt for Callum at v\u00e6re i. Han har pr\u00e6steret fantastisk, men var jo heller ikke med i kampen i Vejle i pokalen. S\u00e5 det har m\u00e5ske v\u00e6ret sv\u00e6rere og sv\u00e6rere at v\u00e6re i, og det er simpelthen Mortens vurdering,&#8221; forklarede St\u00fcker i studiet. <\/p>\n\n\n\n<p class=\"wp-block-paragraph\"><\/p>\n\n\n\n<h2 class=\"wp-block-heading\">Har f\u00e5et snakket ud<\/h2>\n\n\n\n<p class=\"wp-block-paragraph\">Samtidig understregede St\u00fcker, at forholdet mellem ham og McCowatt er godt, efter at newzeal\u00e6nderen tidligere offentligt kritiserede sportschefen.<\/p>\n\n\n\n<p class=\"wp-block-paragraph\">&#8220;Vi har et godt forhold. Vi har f\u00e5et snakket godt ud om tingene, og vi har ogs\u00e5 siddet her og set kampen sammen.&#8221;<\/p>\n\n\n\n<p class=\"wp-block-paragraph\">Der venter nu nogle hektiske sidste dage af transfervinduet for Jesper St\u00fcker, som fortalte, at der er &#8220;mange bolde i luften&#8221;, og at det g\u00e6lder bev\u00e6gelser i begge retninger.<\/p>\n\n\n\n<p class=\"wp-block-paragraph\"><a href=\"https:\/\/www.sif4ever.dk\/nyheder\/sif-kunne-ikke-udnytte-overtal-maatte-noejes-med-et-point-mod-fcm\/\" data-type=\"link\" data-id=\"https:\/\/www.sif4ever.dk\/nyheder\/sif-kunne-ikke-udnytte-overtal-maatte-noejes-med-et-point-mod-fcm\/\">Silkeborg spillede i dag 1-1 imod FC Midtjylland<\/a> efter et stort drama.<\/p>\n","protected":false},"excerpt":{"rendered":"<p>Callum McCowatt sad endnu en gang over, da Silkeborg IF s\u00f8ndag m\u00f8dte FC Midtjylland. Efter kampen gav sportschef Jesper St\u00fcker en status p\u00e5 newzeal\u00e6nderens fremtid. Callum McCowatt var ikke en del af Silkeborg IF&#8217;s trup mod FC Midtjylland. Han var dog p\u00e5 JYSK Park, hvor han blandt andet s\u00e5 kampen sammen med sportschef Jesper St\u00fcker. [&hellip;]<\/p>","protected":false},"author":1,"featured_media":3433,"comment_status":"open","ping_status":"open","sticky":false,"template":"","format":"standard","meta":{"_eb_attr":"","inline_featured_image":false,"footnotes":""},"categories":[30],"tags":[],"class_list":["post-4332","post","type-post","status-publish","format-standard","has-post-thumbnail","hentry","category-transfers"],"_links":{"self":[{"href":"https:\/\/www.sif4ever.dk\/nyheder\/wp-json\/wp\/v2\/posts\/4332","targetHints":{"allow":["GET"]}}],"collection":[{"href":"https:\/\/www.sif4ever.dk\/nyheder\/wp-json\/wp\/v2\/posts"}],"about":[{"href":"https:\/\/www.sif4ever.dk\/nyheder\/wp-json\/wp\/v2\/types\/post"}],"author":[{"embeddable":true,"href":"https:\/\/www.sif4ever.dk\/nyheder\/wp-json\/wp\/v2\/users\/1"}],"replies":[{"embeddable":true,"href":"https:\/\/www.sif4ever.dk\/nyheder\/wp-json\/wp\/v2\/comments?post=4332"}],"version-history":[{"count":1,"href":"https:\/\/www.sif4ever.dk\/nyheder\/wp-json\/wp\/v2\/posts\/4332\/revisions"}],"predecessor-version":[{"id":4333,"href":"https:\/\/www.sif4ever.dk\/nyheder\/wp-json\/wp\/v2\/posts\/4332\/revisions\/4333"}],"wp:featuredmedia":[{"embeddable":true,"href":"https:\/\/www.sif4ever.dk\/nyheder\/wp-json\/wp\/v2\/media\/3433"}],"wp:attachment":[{"href":"https:\/\/www.sif4ever.dk\/nyheder\/wp-json\/wp\/v2\/media?parent=4332"}],"wp:term":[{"taxonomy":"category","embeddable":true,"href":"https:\/\/www.sif4ever.dk\/nyheder\/wp-json\/wp\/v2\/categories?post=4332"},{"taxonomy":"post_tag","embeddable":true,"href":"https:\/\/www.sif4ever.dk\/nyheder\/wp-json\/wp\/v2\/tags?post=4332"}],"curies":[{"name":"wp","href":"https:\/\/api.w.org\/{rel}","templated":true}]}}